{"id":20,"date":"2015-05-19T16:15:18","date_gmt":"2015-05-19T16:15:18","guid":{"rendered":"http:\/\/architekturbuero.schwarzformat.de\/?p=20"},"modified":"2020-10-27T09:55:24","modified_gmt":"2020-10-27T09:55:24","slug":"ueber-uns","status":"publish","type":"post","link":"http:\/\/architekturbuero.schwarzformat.de\/?p=20","title":{"rendered":"\u00dcber uns"},"content":{"rendered":"<h5 align=\"justify\"><span style=\"color: #000000;\"><strong>schwarzFORMat.<\/strong><\/span><\/h5>\n<h5 style=\"text-align: justify;\" align=\"justify\"><span style=\"color: #000000;\">Das Architekturb\u00fcro plant und realisiert Ihre Bauprojekte. Schwerpunkt unserer Arbeit sind die Realisierung von sozialen und kulturellen Bauprojekten. Ein weiterer Schwerpunkt ist die Planung und Realisierung von Wohn &#8211; Neubauten. Des Weiteren verf\u00fcgt unser B\u00fcro \u00fcber eine umfangreiche Erfahrung in der Sanierung von Ein- und Mehrfamilienh\u00e4usern. Wir versuchen mit dem Bauherr eine funktionale und dem Charakter des Projektes angepasste Formensprache zu entwickeln. Es ist unser Anspruch, die Ideen und W\u00fcnsche der Bauherren in eine anspruchsvolle und ansprechende Form zu f\u00fchren. <\/span><\/h5>\n<h5 style=\"text-align: justify;\" align=\"justify\"><span style=\"color: #000000;\">Seit\u00a02006 f\u00fchrt das B\u00fcro verschiedene Planungs- und \u00dcberwachungst\u00e4tigkeiten aus.\u00a0<\/span><\/h5>\n<h5 style=\"text-align: justify;\" align=\"justify\"><span style=\"color: #000000;\">Das B\u00fcro ist Mitglied in der Architektenkammer Sachsen, AL &#8211; NR. 4750<\/span><\/h5>\n<h5><\/h5>\n<h5><span style=\"color: #000000;\">Weitere T\u00e4tigkeiten:<\/span><\/h5>\n<h5><span style=\"color: #000000;\">&#8211; Beraterarchitekten der Stadt Leipzig im<\/span><br \/>\n<span style=\"color: #000000;\">Rahmen des EPO &#8211; Programms der<\/span><br \/>\n<span style=\"color: #000000;\">Europ\u00e4ischen Union<\/span><br \/>\n<span style=\"color: #000000;\">&#8211; Leipziger Kulturpaten<\/span><br \/>\n<span style=\"color: #000000;\">&#8211; Mitgliedschaft in Vorst\u00e4nden verschiedener<\/span><br \/>\n<span style=\"color: #000000;\">Vereine:<\/span><br \/>\n<span style=\"color: #000000;\">Leipziger Tafel e.V.<\/span><br \/>\n<span style=\"color: #000000;\">Lokale Aktions Gruppe S\u00fcdraum Leipzig e.V.<\/span><br \/>\n<span style=\"color: #000000;\">Leipziger Kinder- und Familienf\u00f6rderung e.V.<\/span><br \/>\n<span style=\"color: #000000;\">Eula e.V. Dorfentwicklungsverein<\/span><br \/>\n<span style=\"color: #000000;\">&#8211; Beratert\u00e4tigkeiten f\u00fcr die Stadt Leipzig:<\/span><br \/>\n<span style=\"color: #000000;\">EILO \u2013 Eigent\u00fcmerberatung im Leipziger Osten<\/span><br \/>\n<span style=\"color: #000000;\">EILE \u2013 Eigent\u00fcmerberatung Leipzig<\/span><\/h5>\n","protected":false},"excerpt":{"rendered":"<p>schwarzFORMat. Das Architekturb\u00fcro plant und realisiert Ihre Bauprojekte. Schwerpunkt unserer Arbeit sind die Realisierung von sozialen&hellip;<\/p>\n","protected":false},"author":1,"featured_media":483,"comment_status":"closed","ping_status":"closed","sticky":false,"template":"","format":"standard","meta":{"footnotes":""},"categories":[6],"tags":[],"class_list":["post-20","post","type-post","status-publish","format-standard","has-post-thumbnail","hentry","category-ueber-uns"],"_links":{"self":[{"href":"http:\/\/architekturbuero.schwarzformat.de\/index.php?rest_route=\/wp\/v2\/posts\/20","targetHints":{"allow":["GET"]}}],"collection":[{"href":"http:\/\/architekturbuero.schwarzformat.de\/index.php?rest_route=\/wp\/v2\/posts"}],"about":[{"href":"http:\/\/architekturbuero.schwarzformat.de\/index.php?rest_route=\/wp\/v2\/types\/post"}],"author":[{"embeddable":true,"href":"http:\/\/architekturbuero.schwarzformat.de\/index.php?rest_route=\/wp\/v2\/users\/1"}],"replies":[{"embeddable":true,"href":"http:\/\/architekturbuero.schwarzformat.de\/index.php?rest_route=%2Fwp%2Fv2%2Fcomments&post=20"}],"version-history":[{"count":14,"href":"http:\/\/architekturbuero.schwarzformat.de\/index.php?rest_route=\/wp\/v2\/posts\/20\/revisions"}],"predecessor-version":[{"id":535,"href":"http:\/\/architekturbuero.schwarzformat.de\/index.php?rest_route=\/wp\/v2\/posts\/20\/revisions\/535"}],"wp:featuredmedia":[{"embeddable":true,"href":"http:\/\/architekturbuero.schwarzformat.de\/index.php?rest_route=\/wp\/v2\/media\/483"}],"wp:attachment":[{"href":"http:\/\/architekturbuero.schwarzformat.de\/index.php?rest_route=%2Fwp%2Fv2%2Fmedia&parent=20"}],"wp:term":[{"taxonomy":"category","embeddable":true,"href":"http:\/\/architekturbuero.schwarzformat.de\/index.php?rest_route=%2Fwp%2Fv2%2Fcategories&post=20"},{"taxonomy":"post_tag","embeddable":true,"href":"http:\/\/architekturbuero.schwarzformat.de\/index.php?rest_route=%2Fwp%2Fv2%2Ftags&post=20"}],"curies":[{"name":"wp","href":"https:\/\/api.w.org\/{rel}","templated":true}]}}