{"id":32,"date":"2015-05-17T13:48:03","date_gmt":"2015-05-17T13:48:03","guid":{"rendered":"http:\/\/architekturbuero.schwarzformat.de\/?p=32"},"modified":"2025-02-05T09:45:16","modified_gmt":"2025-02-05T09:45:16","slug":"kontakt","status":"publish","type":"post","link":"http:\/\/architekturbuero.schwarzformat.de\/?p=32","title":{"rendered":"Kontakt\/Impressum"},"content":{"rendered":"<h5><span style=\"color: #000000;\"><strong><span style=\"text-decoration: underline;\">architekturb\u00fcro schwarzFORMat.<\/span><\/strong><\/span><\/h5>\n<h5><span style=\"color: #000000;\"><a style=\"color: #000000;\" href=\"mailto:info@schwarzFORMat.de\">info@schwarzFORMat.de<\/a><\/span><\/h5>\n<h5><span style=\"color: #000000;\">Herrenhaus Gestewitz<\/span><\/h5>\n<h5><span style=\"color: #000000;\">04552 Gestewitz, Bergweg 9<\/span><\/h5>\n<h5><span style=\"color: #000000;\">Fon. 03433 869 698 0<\/span><\/h5>\n<h5><span style=\"color: #000000;\">Fax. 03433 869 698 1<\/span><\/h5>\n<h5><span style=\"color: #000000;\">Mob. 0179 543 96 47<\/span><\/h5>\n<h5><span style=\"color: #000000;\">&nbsp;<\/span><\/h5>\n<h5><span style=\"color: #000000;\">B\u00fcro Leipzig<\/span><\/h5>\n<h5><span style=\"color: #000000;\">04299 Leipzig, Sch\u00f6nbachstrasse 60 HH<\/span><\/h5>\n<h5><span style=\"color: #000000;\">Fon. 0341 246 525 0<\/span><\/h5>\n<h5><span style=\"color: #000000;\">Fax. 0341 246 525 3<\/span><\/h5>\n\n\n<h1 class=\"wp-block-heading\">Impressum<\/h1>\n\n\n\n<p>Informationen \u00fcber den Diensteanbieter.<\/p>\n\n\n\n<p>Manuela Friebe-Knoke<\/p>\n\n\n\n<p><strong>Architekturb\u00fcro schwarzFORMat.<\/strong><\/p>\n\n\n\n<p>Bergweg 9,<br>04552 Gestewitz,<br>Deutschland<\/p>\n\n\n\n<p><strong>Tel.:<\/strong>&nbsp;034338696980<br><strong>E-Mail:<\/strong>&nbsp;<a href=\"mailto:info@schwarzformat.de\">info@schwarzformat.de<\/a><\/p>\n\n\n\n<p><strong>Berufsbezeichnung:<\/strong>&nbsp;Architektin<br><strong>Verleihungsstaat:<\/strong>&nbsp;Deutschland<br><strong>Link zur Webseite der Kammer:<\/strong>&nbsp;<a href=\"https:\/\/www.aksachsen.org\/\" target=\"_blank\" rel=\"noreferrer noopener\">https:\/\/www.aksachsen.org\/<\/a><br><strong>Name und Anschrift<\/strong><br>Architektenkammer Sachsen<br>Haus der Architekten<br>Goetheallee 37<br>01309 Dresden<\/p>\n\n\n\n<h2 class=\"wp-block-heading\" id=\"universalschlichtungsstelle\">Universal\u00adschlichtungs\u00adstelle<\/h2>\n\n\n\n<p>An einem Streitbeilegungsverfahren vor einer Verbraucherschlichtungsstelle nehmen wir teil. Die zust\u00e4ndige Stelle ist die Universalschlichtungsstelle des Bundes, Zentrums f\u00fcr Schlichtung e.V., ans\u00e4ssig in der Stra\u00dfburger Stra\u00dfe 8, 77694 Kehl am Rhein (<a href=\"https:\/\/www.verbraucher-schlichter.de\/\" target=\"_blank\" rel=\"noreferrer noopener\">https:\/\/www.verbraucher-schlichter.de<\/a>).<\/p>\n\n\n\n<h2 class=\"wp-block-heading\" id=\"eu-streitschlichtung\">EU-Streitschlichtung<\/h2>\n\n\n\n<p>Gem\u00e4\u00df Verordnung \u00fcber Online-Streitbeilegung in Verbraucherangelegenheiten (ODR-Verordnung) m\u00f6chten wir Sie \u00fcber die Online-Streitbeilegungsplattform (OS-Plattform) informieren.<br>Verbraucher haben die M\u00f6glichkeit, Beschwerden an die Online Streitbeilegungsplattform der Europ\u00e4ischen Kommission unter&nbsp;<a href=\"https:\/\/ec.europa.eu\/consumers\/odr\/main\/index.cfm?event=main.home2.show&amp;lng=DE\" target=\"_blank\" rel=\"noreferrer noopener\">https:\/\/ec.europa.eu\/consumers\/odr\/main\/index.cfm?event=main.home2.show&amp;lng=DE<\/a>&nbsp;zu richten. Die daf\u00fcr notwendigen Kontaktdaten finden Sie oberhalb in unserem Impressum.<\/p>\n\n\n\n<p>Wir m\u00f6chten Sie jedoch darauf hinweisen, dass wir nicht bereit oder verpflichtet sind, an Streitbeilegungsverfahren vor einer Verbraucherschlichtungsstelle teilzunehmen.<\/p>\n\n\n\n<h2 class=\"wp-block-heading\" id=\"bildernachweis\">Bildernachweis<\/h2>\n\n\n\n<p>Die Bilder, Fotos und Grafiken auf dieser Webseite sind urheberrechtlich gesch\u00fctzt.<\/p>\n\n\n\n<p><strong>Die Bilderrechte liegen bei:<\/strong><br>Architekturb\u00fcro schwarzFORMat.<\/p>\n\n\n\n<p>Alle Texte sind urheberrechtlich gesch\u00fctz<\/p>\n","protected":false},"excerpt":{"rendered":"<p>architekturb\u00fcro schwarzFORMat. info@schwarzFORMat.de Herrenhaus Gestewitz 04552 Gestewitz, Bergweg 9 Fon. 03433 869 698 0 Fax. 03433&hellip;<\/p>\n","protected":false},"author":1,"featured_media":126,"comment_status":"closed","ping_status":"closed","sticky":false,"template":"","format":"standard","meta":{"footnotes":""},"categories":[4],"tags":[],"class_list":["post-32","post","type-post","status-publish","format-standard","has-post-thumbnail","hentry","category-kontakt"],"_links":{"self":[{"href":"http:\/\/architekturbuero.schwarzformat.de\/index.php?rest_route=\/wp\/v2\/posts\/32","targetHints":{"allow":["GET"]}}],"collection":[{"href":"http:\/\/architekturbuero.schwarzformat.de\/index.php?rest_route=\/wp\/v2\/posts"}],"about":[{"href":"http:\/\/architekturbuero.schwarzformat.de\/index.php?rest_route=\/wp\/v2\/types\/post"}],"author":[{"embeddable":true,"href":"http:\/\/architekturbuero.schwarzformat.de\/index.php?rest_route=\/wp\/v2\/users\/1"}],"replies":[{"embeddable":true,"href":"http:\/\/architekturbuero.schwarzformat.de\/index.php?rest_route=%2Fwp%2Fv2%2Fcomments&post=32"}],"version-history":[{"count":23,"href":"http:\/\/architekturbuero.schwarzformat.de\/index.php?rest_route=\/wp\/v2\/posts\/32\/revisions"}],"predecessor-version":[{"id":548,"href":"http:\/\/architekturbuero.schwarzformat.de\/index.php?rest_route=\/wp\/v2\/posts\/32\/revisions\/548"}],"wp:featuredmedia":[{"embeddable":true,"href":"http:\/\/architekturbuero.schwarzformat.de\/index.php?rest_route=\/wp\/v2\/media\/126"}],"wp:attachment":[{"href":"http:\/\/architekturbuero.schwarzformat.de\/index.php?rest_route=%2Fwp%2Fv2%2Fmedia&parent=32"}],"wp:term":[{"taxonomy":"category","embeddable":true,"href":"http:\/\/architekturbuero.schwarzformat.de\/index.php?rest_route=%2Fwp%2Fv2%2Fcategories&post=32"},{"taxonomy":"post_tag","embeddable":true,"href":"http:\/\/architekturbuero.schwarzformat.de\/index.php?rest_route=%2Fwp%2Fv2%2Ftags&post=32"}],"curies":[{"name":"wp","href":"https:\/\/api.w.org\/{rel}","templated":true}]}}